{"id":8714,"date":"2020-04-14T09:53:00","date_gmt":"2020-04-14T07:53:00","guid":{"rendered":"https:\/\/foodtwins.de\/?p=8714"},"modified":"2020-04-20T14:50:46","modified_gmt":"2020-04-20T12:50:46","slug":"kefir-kruste","status":"publish","type":"post","link":"https:\/\/foodtwins.de\/en\/alle-rezepte\/backen\/brot-broetchen\/kefir-kruste\/","title":{"rendered":"Kefir-Kruste"},"content":{"rendered":"<div class=\"pdfprnt-buttons pdfprnt-buttons-post pdfprnt-top-right\"><a href=\"https:\/\/foodtwins.de\/en\/wp-json\/wp\/v2\/posts\/8714?print=pdf\" class=\"pdfprnt-button pdfprnt-button-pdf\" target=\"_blank\" ><img data-recalc-dims=\"1\" decoding=\"async\" src=\"https:\/\/i0.wp.com\/foodtwins.de\/wp-content\/plugins\/pdf-print\/images\/pdf.png?w=750&#038;ssl=1\" alt=\"image_pdf\" title=\"Download PDF\" \/><span class=\"pdfprnt-button-title pdfprnt-button-pdf-title\">Download<\/span><\/a><a href=\"https:\/\/foodtwins.de\/en\/wp-json\/wp\/v2\/posts\/8714?print=print\" class=\"pdfprnt-button pdfprnt-button-print\" target=\"_blank\" ><img data-recalc-dims=\"1\" decoding=\"async\" src=\"https:\/\/i0.wp.com\/foodtwins.de\/wp-content\/plugins\/pdf-print\/images\/print.png?w=750&#038;ssl=1\" alt=\"image_print\" title=\"Print Content\" \/><span class=\"pdfprnt-button-title pdfprnt-button-print-title\">Drucken<\/span><\/a><\/div>\n<h2 class=\"wp-block-heading\">Frische Kefir-Kruste &#8211; Milder Geschmack und super knusprig<\/h2>\n\n\n\n<p class=\"wp-block-paragraph\">Frisches Brot geht immer \ud83d\ude42 Ich mag Brot mit einer sch\u00f6ner knusprigen Kruste und habe eine deshalb eine Kefir-Kruste gebacken. Als Grundlage diente mir dabei die Joghurtkruste von <a href=\"http:\/\/ikors.blogspot.com\/2015\/03\/joghurtkruste.html\">Ikors Blog<\/a>, die ist n\u00e4mlich sch\u00f6n knusprig. Einen Thermomix besitze ich nicht, daher habe ich das Ganze ohne gemacht, was auch kein Problem war. Das Brot habe ich ohne Topf und Form gebacken, einfach weil es mich interessiert hat, ob das funktioniert und wie der Unterschied zu einem, im Topf gebackenen Brot aussieht.<\/p>\n\n\n\n<p class=\"wp-block-paragraph\">Viel Aufwand macht die Zubereitung nicht. Nachdem alle Zutaten zu einem geschmeidigen teig verknetet wurden, muss der Teig erst einmal ruhen. Anschlie\u00dfend wird der Teig einige Male gefaltet, zu einem Laib geformt und auf ein Blech gegeben. Dann gehts auch schon in den vorgeheizten Backofen und wird f\u00fcr etwa eine Stunde gebacken. Nach dem Abk\u00fchlen hat man ein super knuspriges und wirklich leckeres Brot.<\/p>\n\n\n\n<div style=\"height:50px\" aria-hidden=\"true\" class=\"wp-block-spacer\"><\/div>\n\n\n\n<h3 class=\"wp-block-heading\">Mit frischer Hefe, Kefir, Weizenmehl und Roggen-Vollkornmehl<\/h3>\n\n\n\n<p class=\"wp-block-paragraph\">Statt Joghurt habe ich Kefir verwendet. Als Mehl habe ich Weizenmehl Typ 405 und Roggen-Vollkornmehl benutzt. Ein bisschen <a href=\"https:\/\/amzn.to\/34DmlKH\">Brotgew\u00fcrz<\/a> schmeckt in diesem Brot \u00fcbrigens sehr gut. Den Teig habe ich dann f\u00fcr gute 2 Stunden abgedeckt stehen lassen. Anschlie\u00dfend gefaltet und zu einem Laib geformt. Wer mag kann sein Brot dann noch nach Belieben einschneiden.<\/p>\n\n\n\n<p class=\"wp-block-paragraph\">Nach dem Backen habe ich das Brot auf einem Kuchengitter ausk\u00fchlen lassen. Das Brot ist richtig sch\u00f6n knusprig und hat einen tollen Geschmack. In einem Brottopf wird das Brot meiner Meinung nach noch ein bisschen besser und vor allem nicht so dunkel. Wobei mich die Farbe nicht st\u00f6rt, ich mag es auch so \ud83d\ude42 Hier kann man so ein Brot leider nicht mal eben kaufen, daher ist es toll, wenn man sich sein Brot selber backen kann. Es macht wirklich nicht viel Aufwand und ist so lecker.<\/p>\n\n\n\n<div style=\"height:50px\" aria-hidden=\"true\" class=\"wp-block-spacer\"><\/div>\n\n\n<div class=\"wp-block-wpzoom-recipe-card-block-recipe-card is-style-newdesign header-content-align-left block-alignment-left\" id=\"wpzoom-recipe-card\"><div class=\"recipe-card-image\">\n\t\t\t\t<figure>\n\t\t\t\t\t<img loading=\"lazy\" decoding=\"async\" width=\"640\" height=\"426\" src=\"https:\/\/i0.wp.com\/foodtwins.de\/wp-content\/uploads\/2020\/04\/Kefir-Kruste-Weizen405-Roggenvollkorn-1.png?fit=640%2C426&amp;ssl=1\" class=\"wpzoom-recipe-card-image\" alt=\"Kefir-Kruste\" id=\"8728\" srcset=\"https:\/\/i0.wp.com\/foodtwins.de\/wp-content\/uploads\/2020\/04\/Kefir-Kruste-Weizen405-Roggenvollkorn-1.png?w=640&amp;ssl=1 640w, https:\/\/i0.wp.com\/foodtwins.de\/wp-content\/uploads\/2020\/04\/Kefir-Kruste-Weizen405-Roggenvollkorn-1.png?resize=300%2C200&amp;ssl=1 300w, https:\/\/i0.wp.com\/foodtwins.de\/wp-content\/uploads\/2020\/04\/Kefir-Kruste-Weizen405-Roggenvollkorn-1.png?resize=360%2C240&amp;ssl=1 360w, https:\/\/i0.wp.com\/foodtwins.de\/wp-content\/uploads\/2020\/04\/Kefir-Kruste-Weizen405-Roggenvollkorn-1.png?resize=272%2C182&amp;ssl=1 272w\" sizes=\"auto, (max-width: 640px) 100vw, 640px\" data-attachment-id=\"8728\" data-permalink=\"https:\/\/foodtwins.de\/en\/alle-rezepte\/backen\/brot-broetchen\/kefir-kruste\/attachment\/kefir-kruste-weizen405-roggenvollkorn-1\/\" data-orig-file=\"https:\/\/i0.wp.com\/foodtwins.de\/wp-content\/uploads\/2020\/04\/Kefir-Kruste-Weizen405-Roggenvollkorn-1.png?fit=640%2C426&amp;ssl=1\" data-orig-size=\"640,426\" data-comments-opened=\"1\" data-image-meta=\"{&quot;aperture&quot;:&quot;0&quot;,&quot;credit&quot;:&quot;&quot;,&quot;camera&quot;:&quot;&quot;,&quot;caption&quot;:&quot;&quot;,&quot;created_timestamp&quot;:&quot;0&quot;,&quot;copyright&quot;:&quot;&quot;,&quot;focal_length&quot;:&quot;0&quot;,&quot;iso&quot;:&quot;0&quot;,&quot;shutter_speed&quot;:&quot;0&quot;,&quot;title&quot;:&quot;&quot;,&quot;orientation&quot;:&quot;0&quot;}\" data-image-title=\"Kefir-Kruste Weizen405-Roggenvollkorn 1\" data-image-description=\"\" data-image-caption=\"\" data-large-file=\"https:\/\/i0.wp.com\/foodtwins.de\/wp-content\/uploads\/2020\/04\/Kefir-Kruste-Weizen405-Roggenvollkorn-1.png?fit=640%2C426&amp;ssl=1\" \/>\n\t\t\t\t\t<figcaption>\n\t\t\t\t\t\t<div class=\"wpzoom-recipe-card-pinit\">\n\t            <a class=\"btn-pinit-link no-print\" target=\"_blank\" data-pin-do=\"buttonPin\" href=\"https:\/\/www.pinterest.com\/pin\/create\/button\/?url=https:\/\/foodtwins.de\/en\/alle-rezepte\/backen\/brot-broetchen\/kefir-kruste\/&#038;media=https:\/\/foodtwins.de\/wp-content\/uploads\/2020\/04\/Kefir-Kruste-Weizen405-Roggenvollkorn-1.png&#038;description=Kefir-Kruste\" data-pin-custom=\"true\" >\n\t            \t<SVG class=\"wpzoom-rcb-icon-pinit-link\" enable-background=\"new 0 0 30 30\" height=\"30px\" id=\"Pinterest\" version=\"1.1\" viewBox=\"0 0 30 30\" width=\"30px\" xmlns=\"http:\/\/www.w3.org\/2000\/svg\">\n \t            \t    <Path class=\"wpzoom-rcb-pinit-icon\" d=\"M16,0C7.813,0,3,6.105,3,11c0,2.964,2,6,3,6s2,0,2-1s-2-2-2-5c0-4.354,4.773-8,10-8c4.627,0,7,3.224,7,7  c0,4.968-2.735,9-6,9c-1.803,0-3.433-1.172-3-3c0.519-2.184,1-2,2-6c0.342-1.368-0.433-3-2-3c-1.843,0-4,1.446-4,4c0,1.627,1,3,1,3  s-2.245,7.863-2.576,9.263C7.766,26.049,6.938,30,7.938,30S10,28,12,23c0.295-0.738,1-3,1-3c0.599,1.142,3.14,2,5,2  c5.539,0,9-5.24,9-12C27,4.888,22.58,0,16,0z\" \/>\n \t            \t<\/SVG>\n\t            \t<span>Pin<\/span>\n\t            <\/a>\n\t        <\/div><div class=\"wpzoom-recipe-card-print-link\">\n\t            <a class=\"btn-print-link no-print\" href=\"#wpzoom-recipe-card\" title=\"Print directions...\" style=\"background-color: #FFA921; box-shadow: 0 5px 40px #FFA921;\" data-servings-size=\"15\" data-recipe-id=\"8714\">\n\t            \t<SVG class=\"wpzoom-rcb-icon-print-link\" viewBox=\"0 0 32 32\" width=\"32\" height=\"32\" xmlns=\"http:\/\/www.w3.org\/2000\/svg\">\n \t            \t    <g data-name=\"Layer 55\" id=\"Layer_55\">\n \t            \t        <Path class=\"wpzoom-rcb-print-icon\" d=\"M28,25H25a1,1,0,0,1,0-2h3a1,1,0,0,0,1-1V10a1,1,0,0,0-1-1H4a1,1,0,0,0-1,1V22a1,1,0,0,0,1,1H7a1,1,0,0,1,0,2H4a3,3,0,0,1-3-3V10A3,3,0,0,1,4,7H28a3,3,0,0,1,3,3V22A3,3,0,0,1,28,25Z\" \/>\n \t            \t        <Path class=\"wpzoom-rcb-print-icon\" d=\"M25,31H7a1,1,0,0,1-1-1V20a1,1,0,0,1,1-1H25a1,1,0,0,1,1,1V30A1,1,0,0,1,25,31ZM8,29H24V21H8Z\" \/>\n \t            \t        <Path class=\"wpzoom-rcb-print-icon\" d=\"M25,9a1,1,0,0,1-1-1V3H8V8A1,1,0,0,1,6,8V2A1,1,0,0,1,7,1H25a1,1,0,0,1,1,1V8A1,1,0,0,1,25,9Z\" \/>\n \t            \t        <rect class=\"wpzoom-rcb-print-icon\" height=\"2\" width=\"2\" x=\"24\" y=\"11\" \/>\n \t            \t        <rect class=\"wpzoom-rcb-print-icon\" height=\"2\" width=\"4\" x=\"18\" y=\"11\" \/>\n \t            \t    <\/g>\n \t            \t<\/SVG>\n\t                <span>Print<\/span>\n\t            <\/a>\n\t        <\/div>\n\t\t            <\/figcaption>\n\t\t\t\t<\/figure>\n\t\t\t<\/div>\n\t\t\t<div class=\"recipe-card-heading\">\n\t\t\t\t<h2 class=\"recipe-card-title\">Kefir-Kruste<\/h2><span class=\"recipe-card-author\">Recipe by Food Twins<\/span><\/div><div class=\"recipe-card-details\"><div class=\"details-items\"><div class=\"detail-item detail-item-0\"><span class=\"detail-item-icon oldicon oldicon-food\" style=\"color: #FFA921;\"><\/span><span class=\"detail-item-label\"> \tPortionen<\/span><p class=\"detail-item-value\">15<\/p><span class=\"detail-item-unit\"> \tScheiben<\/span><\/div><div class=\"detail-item detail-item-1\"><span class=\"detail-item-icon oldicon oldicon-clock\" style=\"color: #FFA921;\"><\/span><span class=\"detail-item-label\">Zubereitungszeit<\/span><p class=\"detail-item-value\">3<\/p><span class=\"detail-item-unit\">hours&nbsp;<\/span><\/div><div class=\"detail-item detail-item-3\"><span class=\"detail-item-icon foodicons foodicons-fire-flames\" style=\"color: #FFA921;\"><\/span><span class=\"detail-item-label\">Kalorien\/Portion<\/span><p class=\"detail-item-value\">123<\/p><span class=\"detail-item-unit\">kcal<\/span><\/div><\/div><\/div><p class=\"recipe-card-summary\">N\u00c4HRWERTE F\u00dcR 1 SCHEIBE:<br><strong>Kalorien:<\/strong> 123 kcal | <strong>Kohlenhydrate:<\/strong> 24,2 g | <strong>Eiwei\u00df:<\/strong> 3,7 g | <strong>Fett:<\/strong> 0,7 g<br><br>Knusprige Kefir-Kruste mit Weizen- &amp; Roggen-Vollkornmehl<\/p><div class=\"recipe-card-ingredients\"><h3 class=\"ingredients-title\">Zutaten:<\/h3><ul class=\"ingredients-list layout-1-column\"><li id=\"wpzoom-rcb-ingredient-item-5e88711057ec1\" class=\"ingredient-item\"><span class=\"tick-circle\" style=\"border: 2px solid #FFA921;\"><\/span><p class=\"ingredient-item-name is-strikethrough-active\"><span class=\"wpzoom-rcb-ingredient-name\">350 g Weizenmehl Typ 405<\/span><\/p><\/li><li id=\"wpzoom-rcb-ingredient-item-15867271118481015\" class=\"ingredient-item\"><span class=\"tick-circle\" style=\"border: 2px solid #FFA921;\"><\/span><p class=\"ingredient-item-name is-strikethrough-active\"><span class=\"wpzoom-rcb-ingredient-name\">150 g Roggen-Vollkornmehl<\/span><\/p><\/li><li id=\"wpzoom-rcb-ingredient-item-5e88711057ec2\" class=\"ingredient-item\"><span class=\"tick-circle\" style=\"border: 2px solid #FFA921;\"><\/span><p class=\"ingredient-item-name is-strikethrough-active\"><span class=\"wpzoom-rcb-ingredient-name\">240 g lauwarmes Wasser<\/span><\/p><\/li><li id=\"wpzoom-rcb-ingredient-item-5e88711057ec3\" class=\"ingredient-item\"><span class=\"tick-circle\" style=\"border: 2px solid #FFA921;\"><\/span><p class=\"ingredient-item-name is-strikethrough-active\"><span class=\"wpzoom-rcb-ingredient-name\">100 g Kefir<\/span><\/p><\/li><li id=\"wpzoom-rcb-ingredient-item-15860028071507207\" class=\"ingredient-item\"><span class=\"tick-circle\" style=\"border: 2px solid #FFA921;\"><\/span><p class=\"ingredient-item-name is-strikethrough-active\"><span class=\"wpzoom-rcb-ingredient-name\">30 ml Essig<\/span><\/p><\/li><li id=\"wpzoom-rcb-ingredient-item-15860027152276569\" class=\"ingredient-item\"><span class=\"tick-circle\" style=\"border: 2px solid #FFA921;\"><\/span><p class=\"ingredient-item-name is-strikethrough-active\"><span class=\"wpzoom-rcb-ingredient-name\">15 g Honig<\/span><\/p><\/li><li id=\"wpzoom-rcb-ingredient-item-15860027766846902\" class=\"ingredient-item\"><span class=\"tick-circle\" style=\"border: 2px solid #FFA921;\"><\/span><p class=\"ingredient-item-name is-strikethrough-active\"><span class=\"wpzoom-rcb-ingredient-name\">12 g Salz<\/span><\/p><\/li><li id=\"wpzoom-rcb-ingredient-item-15860026866496052\" class=\"ingredient-item\"><span class=\"tick-circle\" style=\"border: 2px solid #FFA921;\"><\/span><p class=\"ingredient-item-name is-strikethrough-active\"><span class=\"wpzoom-rcb-ingredient-name\">10 g frische Hefe<\/span><\/p><\/li><li id=\"wpzoom-rcb-ingredient-item-15867273864373164\" class=\"ingredient-item\"><span class=\"tick-circle\" style=\"border: 2px solid #FFA921;\"><\/span><p class=\"ingredient-item-name is-strikethrough-active\"><span class=\"wpzoom-rcb-ingredient-name\">5 g Backmalz<br \/><br \/><\/span><\/p><\/li><li id=\"wpzoom-rcb-ingredient-item-15860033866347776\" class=\"ingredient-item ingredient-item-group\"><strong class=\"ingredient-item-group-title\">Optional:<\/strong><\/li><li id=\"wpzoom-rcb-ingredient-item-15860034127688093\" class=\"ingredient-item\"><span class=\"tick-circle\" style=\"border: 2px solid #FFA921;\"><\/span><p class=\"ingredient-item-name is-strikethrough-active\"><span class=\"wpzoom-rcb-ingredient-name\"><a rel=\"\" aria-label=\"\" href=\"https:\/\/amzn.to\/2Xw9BUQ\" target=\"_blank\">Brotgew\u00fcrz<\/a><\/span><\/p><\/li><\/ul><\/div><div class=\"recipe-card-directions\"><h3 class=\"directions-title\">So wird\u00b4s gemacht:<\/h3><ul class=\"directions-list\"><li id=\"wpzoom-rcb-direction-step-5e88711057ec5\" class=\"direction-step\">Die Hefe zusammen mit dem Wasser und dem Honig in eine gro\u00dfe, verschlie\u00dfbare Sch\u00fcssel geben und gut miteinander verr\u00fchren. F\u00fcr etwa 10-15 Minuten zur Seite stellen.<\/li><li id=\"wpzoom-rcb-direction-step-5e88711057ec6\" class=\"direction-step\">Anschlie\u00dfend die restlichen Zutaten dazu tun und f\u00fcr gute 5-7 Minuten gut miteinander verkneten. Ich habe daf\u00fcr die Knethaken meines Mixers benutzt. Den Teig nun in eine saubere und bemehlte Sch\u00fcssel geben, nochmals mit etwas Mehl best\u00e4uben und zugedeckt, f\u00fcr etwa 2 Stunden gehen lassen..<\/li><li id=\"wpzoom-rcb-direction-step-5e88711057ec7\" class=\"direction-step\">Nach der Ruhezeit den Teig auf eine leicht bemehlte Arbeitsfl\u00e4che geben und mehrmals zusammenfalten (ich habe meinen Teig 15-mal gefaltet). Einen Brotlaib formen und den fertigen Laib auf ein bemehltes Backblech geben. Mit Mehl best\u00e4uben und nach Belieben einschneiden.<\/li><li id=\"wpzoom-rcb-direction-step-5e88711057ec8\" class=\"direction-step\">Den Backofen auf 240\u00b0C Ober- &amp; Unterhitze vorheizen. Dabei ein Sch\u00e4lchen mit Wasser auf den Boden des Ofens stellen.<\/li><li id=\"wpzoom-rcb-direction-step-15860039507058706\" class=\"direction-step\">Das Brot auf vorletzter Schiene f\u00fcr etwa 50-60 Minuten backen.\u2800<\/li><li id=\"wpzoom-rcb-direction-step-15860039683218775\" class=\"direction-step\">Das fertige Brot auf einem Kuchengitter vollst\u00e4ndig ausk\u00fchlen lassen.<\/li><\/ul><\/div><div class=\"recipe-card-notes\">\n\t\t\t\t\t<h3 class=\"notes-title\">Tipp<\/h3>\n\t\t\t\t\t<ul class=\"recipe-card-notes-list\"><\/ul>\n\t\t\t\t<\/div><script type=\"application\/ld+json\">{\"@context\":\"https:\\\/\\\/schema.org\",\"@type\":\"Recipe\",\"name\":\"Kefir-Kruste\",\"image\":[\"https:\\\/\\\/foodtwins.de\\\/wp-content\\\/uploads\\\/2020\\\/04\\\/Kefir-Kruste-Weizen405-Roggenvollkorn-1.png\",\"https:\\\/\\\/i0.wp.com\\\/foodtwins.de\\\/wp-content\\\/uploads\\\/2020\\\/04\\\/Kefir-Kruste-Weizen405-Roggenvollkorn-1.png?resize=500%2C426&ssl=1\",\"https:\\\/\\\/i0.wp.com\\\/foodtwins.de\\\/wp-content\\\/uploads\\\/2020\\\/04\\\/Kefir-Kruste-Weizen405-Roggenvollkorn-1.png?resize=500%2C375&ssl=1\",\"https:\\\/\\\/i0.wp.com\\\/foodtwins.de\\\/wp-content\\\/uploads\\\/2020\\\/04\\\/Kefir-Kruste-Weizen405-Roggenvollkorn-1.png?resize=480%2C270&ssl=1\"],\"description\":\"N\u00c4HRWERTE F\u00dcR 1 SCHEIBE:&lt;br&gt;&lt;strong&gt;Kalorien:&lt;\\\/strong&gt; 123 kcal | &lt;strong&gt;Kohlenhydrate:&lt;\\\/strong&gt; 24,2 g | &lt;strong&gt;Eiwei\u00df:&lt;\\\/strong&gt; 3,7 g | &lt;strong&gt;Fett:&lt;\\\/strong&gt; 0,7 g&lt;br&gt;&lt;br&gt;Knusprige Kefir-Kruste mit Weizen- &amp; Roggen-Vollkornmehl\",\"keywords\":\"Backen, Brot, featured, Kalorienz\u00e4hlen, unter 200 kcal, Vegetarisch, Backen, Brot &amp; Br\u00f6tchen, featured, Kalorienz\u00e4hlen, unter 200 kcal, knuspriges Brot\",\"author\":{\"@type\":\"Person\",\"name\":\"Tini\"},\"datePublished\":\"2020-04-14T09:53:00+02:00\",\"prepTime\":\"PT3H\",\"cookTime\":\"\",\"totalTime\":\"\",\"recipeCategory\":[\"Alle Beitr\u00e4ge\",\"Alle Rezepte\",\"Backen\",\"Brot &amp; Br\u00f6tchen\",\"Kalorienz\u00e4hlen\",\"unter 200 kcal\",\"Vegetarisch\"],\"recipeCuisine\":[],\"recipeYield\":[\"15\",\"15  \\tScheiben\"],\"nutrition\":{\"@type\":\"NutritionInformation\",\"calories\":\"123 cal\"},\"recipeIngredient\":[\"350 g Weizenmehl Typ 405\",\"150 g Roggen-Vollkornmehl\",\"240 g lauwarmes Wasser\",\"100 g Kefir\",\"30 ml Essig\",\"15 g Honig\",\"12 g Salz\",\"10 g frische Hefe\",\"5 g Backmalz\",\"Brotgew\u00fcrz\"],\"recipeInstructions\":[{\"@type\":\"HowToStep\",\"name\":\"Die Hefe zusammen mit dem Wasser und dem Honig in eine gro\u00dfe, verschlie\u00dfbare Sch\u00fcssel geben und gut miteinander verr\u00fchren. F\u00fcr etwa 10-15 Minuten zur Seite stellen.\",\"text\":\"Die Hefe zusammen mit dem Wasser und dem Honig in eine gro\u00dfe, verschlie\u00dfbare Sch\u00fcssel geben und gut miteinander verr\u00fchren. F\u00fcr etwa 10-15 Minuten zur Seite stellen.\",\"url\":\"https:\\\/\\\/foodtwins.de\\\/en\\\/alle-rezepte\\\/backen\\\/brot-broetchen\\\/kefir-kruste\\\/#wpzoom-rcb-direction-step-5e88711057ec5\",\"image\":\"\"},{\"@type\":\"HowToStep\",\"name\":\"Anschlie\u00dfend die restlichen Zutaten dazu tun und f\u00fcr gute 5-7 Minuten gut miteinander verkneten. Ich habe daf\u00fcr die Knethaken meines Mixers benutzt. Den Teig nun in eine saubere und bemehlte Sch\u00fcssel geben, nochmals mit etwas Mehl best\u00e4uben und zugedeckt, f\u00fcr etwa 2 Stunden gehen lassen..\",\"text\":\"Anschlie\u00dfend die restlichen Zutaten dazu tun und f\u00fcr gute 5-7 Minuten gut miteinander verkneten. Ich habe daf\u00fcr die Knethaken meines Mixers benutzt. Den Teig nun in eine saubere und bemehlte Sch\u00fcssel geben, nochmals mit etwas Mehl best\u00e4uben und zugedeckt, f\u00fcr etwa 2 Stunden gehen lassen..\",\"url\":\"https:\\\/\\\/foodtwins.de\\\/en\\\/alle-rezepte\\\/backen\\\/brot-broetchen\\\/kefir-kruste\\\/#wpzoom-rcb-direction-step-5e88711057ec6\",\"image\":\"\"},{\"@type\":\"HowToStep\",\"name\":\"Nach der Ruhezeit den Teig auf eine leicht bemehlte Arbeitsfl\u00e4che geben und mehrmals zusammenfalten (ich habe meinen Teig 15-mal gefaltet). Einen Brotlaib formen und den fertigen Laib auf ein bemehltes Backblech geben. Mit Mehl best\u00e4uben und nach Belieben einschneiden.\",\"text\":\"Nach der Ruhezeit den Teig auf eine leicht bemehlte Arbeitsfl\u00e4che geben und mehrmals zusammenfalten (ich habe meinen Teig 15-mal gefaltet). Einen Brotlaib formen und den fertigen Laib auf ein bemehltes Backblech geben. Mit Mehl best\u00e4uben und nach Belieben einschneiden.\",\"url\":\"https:\\\/\\\/foodtwins.de\\\/en\\\/alle-rezepte\\\/backen\\\/brot-broetchen\\\/kefir-kruste\\\/#wpzoom-rcb-direction-step-5e88711057ec7\",\"image\":\"\"},{\"@type\":\"HowToStep\",\"name\":\"Den Backofen auf 240\u00b0C Ober- & Unterhitze vorheizen. Dabei ein Sch\u00e4lchen mit Wasser auf den Boden des Ofens stellen.\",\"text\":\"Den Backofen auf 240\u00b0C Ober- & Unterhitze vorheizen. Dabei ein Sch\u00e4lchen mit Wasser auf den Boden des Ofens stellen.\",\"url\":\"https:\\\/\\\/foodtwins.de\\\/en\\\/alle-rezepte\\\/backen\\\/brot-broetchen\\\/kefir-kruste\\\/#wpzoom-rcb-direction-step-5e88711057ec8\",\"image\":\"\"},{\"@type\":\"HowToStep\",\"name\":\"Das Brot auf vorletzter Schiene f\u00fcr etwa 50-60 Minuten backen.\u2800\",\"text\":\"Das Brot auf vorletzter Schiene f\u00fcr etwa 50-60 Minuten backen.\u2800\",\"url\":\"https:\\\/\\\/foodtwins.de\\\/en\\\/alle-rezepte\\\/backen\\\/brot-broetchen\\\/kefir-kruste\\\/#wpzoom-rcb-direction-step-15860039507058706\",\"image\":\"\"},{\"@type\":\"HowToStep\",\"name\":\"Das fertige Brot auf einem Kuchengitter vollst\u00e4ndig ausk\u00fchlen lassen.\",\"text\":\"Das fertige Brot auf einem Kuchengitter vollst\u00e4ndig ausk\u00fchlen lassen.\",\"url\":\"https:\\\/\\\/foodtwins.de\\\/en\\\/alle-rezepte\\\/backen\\\/brot-broetchen\\\/kefir-kruste\\\/#wpzoom-rcb-direction-step-15860039683218775\",\"image\":\"\"}]}<\/script><\/div>\n\n<div class=\"wp-block-jetpack-rating-star is-style-outlined\" style=\"text-align:center\" itemprop=\"reviewRating\" itemscope itemtype=\"http:\/\/schema.org\/Rating\"><p><span aria-hidden=\"true\">\u2b50<\/span><\/p><span style=\"display: none;\" itemprop=\"worstRating\" content=\"0.5\"><span>\n<svg xmlns=\"http:\/\/www.w3.org\/2000\/svg\" width=\"24\" height=\"24\" viewBox=\"0 0 24 24\">\n\t<path class=\"\" fill=\"#fcb900\" stroke=\"#fcb900\" d=\"M12,17.3l6.2,3.7l-1.6-7L22,9.2l-7.2-0.6L12,2L9.2,8.6L2,9.2L7.5,14l-1.6,7L12,17.3z\" \/>\n<\/svg>\n<\/span>\n<span>\n<svg xmlns=\"http:\/\/www.w3.org\/2000\/svg\" width=\"24\" height=\"24\" viewBox=\"0 0 24 24\">\n\t<path class=\"\" fill=\"#fcb900\" stroke=\"#fcb900\" d=\"M12,17.3l6.2,3.7l-1.6-7L22,9.2l-7.2-0.6L12,2L9.2,8.6L2,9.2L7.5,14l-1.6,7L12,17.3z\" \/>\n<\/svg>\n<\/span><\/span><span style=\"display: none;\" ><span>\n<svg xmlns=\"http:\/\/www.w3.org\/2000\/svg\" width=\"24\" height=\"24\" viewBox=\"0 0 24 24\">\n\t<path class=\"is-rating-unfilled\" fill=\"#fcb900\" stroke=\"#fcb900\" d=\"M12,17.3l6.2,3.7l-1.6-7L22,9.2l-7.2-0.6L12,2L9.2,8.6L2,9.2L7.5,14l-1.6,7L12,17.3z\" \/>\n<\/svg>\n<\/span>\n<span>\n<svg xmlns=\"http:\/\/www.w3.org\/2000\/svg\" width=\"24\" height=\"24\" viewBox=\"0 0 24 24\">\n\t<path class=\"is-rating-unfilled\" fill=\"#fcb900\" stroke=\"#fcb900\" d=\"M12,17.3l6.2,3.7l-1.6-7L22,9.2l-7.2-0.6L12,2L9.2,8.6L2,9.2L7.5,14l-1.6,7L12,17.3z\" \/>\n<\/svg>\n<\/span><\/span><span style=\"display: none;\" ><span>\n<svg xmlns=\"http:\/\/www.w3.org\/2000\/svg\" width=\"24\" height=\"24\" viewBox=\"0 0 24 24\">\n\t<path class=\"is-rating-unfilled\" fill=\"#fcb900\" stroke=\"#fcb900\" d=\"M12,17.3l6.2,3.7l-1.6-7L22,9.2l-7.2-0.6L12,2L9.2,8.6L2,9.2L7.5,14l-1.6,7L12,17.3z\" \/>\n<\/svg>\n<\/span>\n<span>\n<svg xmlns=\"http:\/\/www.w3.org\/2000\/svg\" width=\"24\" height=\"24\" viewBox=\"0 0 24 24\">\n\t<path class=\"is-rating-unfilled\" fill=\"#fcb900\" stroke=\"#fcb900\" d=\"M12,17.3l6.2,3.7l-1.6-7L22,9.2l-7.2-0.6L12,2L9.2,8.6L2,9.2L7.5,14l-1.6,7L12,17.3z\" \/>\n<\/svg>\n<\/span><\/span><span style=\"display: none;\" ><span>\n<svg xmlns=\"http:\/\/www.w3.org\/2000\/svg\" width=\"24\" height=\"24\" viewBox=\"0 0 24 24\">\n\t<path class=\"is-rating-unfilled\" fill=\"#fcb900\" stroke=\"#fcb900\" d=\"M12,17.3l6.2,3.7l-1.6-7L22,9.2l-7.2-0.6L12,2L9.2,8.6L2,9.2L7.5,14l-1.6,7L12,17.3z\" \/>\n<\/svg>\n<\/span>\n<span>\n<svg xmlns=\"http:\/\/www.w3.org\/2000\/svg\" width=\"24\" height=\"24\" viewBox=\"0 0 24 24\">\n\t<path class=\"is-rating-unfilled\" fill=\"#fcb900\" stroke=\"#fcb900\" d=\"M12,17.3l6.2,3.7l-1.6-7L22,9.2l-7.2-0.6L12,2L9.2,8.6L2,9.2L7.5,14l-1.6,7L12,17.3z\" \/>\n<\/svg>\n<\/span><\/span><span style=\"display: none;\" itemprop=\"bestRating\" content=\"5\"><span>\n<svg xmlns=\"http:\/\/www.w3.org\/2000\/svg\" width=\"24\" height=\"24\" viewBox=\"0 0 24 24\">\n\t<path class=\"is-rating-unfilled\" fill=\"#fcb900\" stroke=\"#fcb900\" d=\"M12,17.3l6.2,3.7l-1.6-7L22,9.2l-7.2-0.6L12,2L9.2,8.6L2,9.2L7.5,14l-1.6,7L12,17.3z\" \/>\n<\/svg>\n<\/span>\n<span>\n<svg xmlns=\"http:\/\/www.w3.org\/2000\/svg\" width=\"24\" height=\"24\" viewBox=\"0 0 24 24\">\n\t<path class=\"is-rating-unfilled\" fill=\"#fcb900\" stroke=\"#fcb900\" d=\"M12,17.3l6.2,3.7l-1.6-7L22,9.2l-7.2-0.6L12,2L9.2,8.6L2,9.2L7.5,14l-1.6,7L12,17.3z\" \/>\n<\/svg>\n<\/span><\/span><span itemprop=\"ratingValue\" class=\"screen-reader-text\" content=\"1\">Rating: 1 out of 5.<\/span><\/div>\n\n\n<div style=\"height:70px\" aria-hidden=\"true\" class=\"wp-block-spacer\"><\/div>\n\n\n\n<h3 class=\"has-text-align-center wp-block-heading\">Hier findet ihr weitere Rezept-Ideen f\u00fcr Brot &amp; Br\u00f6tchen zum ausprobieren &amp; nachmachen<\/h3>\n\n\n\n<div style=\"height:20px\" aria-hidden=\"true\" class=\"wp-block-spacer\"><\/div>\n\n\n\n<div class=\"pt-cv-wrapper\"><div class=\"pt-cv-view pt-cv-grid pt-cv-colsys\" id=\"pt-cv-view-e81b547z6v\"><div data-id=\"pt-cv-page-1\" class=\"pt-cv-page\" data-cvc=\"4\"><div class=\"col-md-3 col-sm-6 col-xs-12 pt-cv-content-item pt-cv-1-col\" ><div class='pt-cv-ifield'><a href=\"https:\/\/foodtwins.de\/en\/alle-rezepte\/backen\/brot-broetchen\/dinkel-joghurt-brot\/\" class=\"_self pt-cv-href-thumbnail pt-cv-thumb-default\" target=\"_self\" ><img loading=\"lazy\" decoding=\"async\" width=\"300\" height=\"200\" src=\"https:\/\/i0.wp.com\/foodtwins.de\/wp-content\/uploads\/2022\/04\/Dinkel-Joghurt-Brot-1.png?fit=300%2C200&amp;ssl=1\" class=\"pt-cv-thumbnail\" alt=\"Dinkel-Joghurt-Brot\" srcset=\"https:\/\/i0.wp.com\/foodtwins.de\/wp-content\/uploads\/2022\/04\/Dinkel-Joghurt-Brot-1.png?w=640&amp;ssl=1 640w, https:\/\/i0.wp.com\/foodtwins.de\/wp-content\/uploads\/2022\/04\/Dinkel-Joghurt-Brot-1.png?resize=300%2C200&amp;ssl=1 300w, https:\/\/i0.wp.com\/foodtwins.de\/wp-content\/uploads\/2022\/04\/Dinkel-Joghurt-Brot-1.png?resize=18%2C12&amp;ssl=1 18w, https:\/\/i0.wp.com\/foodtwins.de\/wp-content\/uploads\/2022\/04\/Dinkel-Joghurt-Brot-1.png?resize=360%2C240&amp;ssl=1 360w, https:\/\/i0.wp.com\/foodtwins.de\/wp-content\/uploads\/2022\/04\/Dinkel-Joghurt-Brot-1.png?resize=600%2C399&amp;ssl=1 600w, https:\/\/i0.wp.com\/foodtwins.de\/wp-content\/uploads\/2022\/04\/Dinkel-Joghurt-Brot-1.png?resize=272%2C182&amp;ssl=1 272w\" sizes=\"auto, (max-width: 300px) 100vw, 300px\" data-attachment-id=\"19264\" data-permalink=\"https:\/\/foodtwins.de\/en\/alle-rezepte\/backen\/brot-broetchen\/dinkel-joghurt-brot\/attachment\/dinkel-joghurt-brot-1\/\" data-orig-file=\"https:\/\/i0.wp.com\/foodtwins.de\/wp-content\/uploads\/2022\/04\/Dinkel-Joghurt-Brot-1.png?fit=640%2C426&amp;ssl=1\" data-orig-size=\"640,426\" data-comments-opened=\"1\" data-image-meta=\"{&quot;aperture&quot;:&quot;0&quot;,&quot;credit&quot;:&quot;&quot;,&quot;camera&quot;:&quot;&quot;,&quot;caption&quot;:&quot;&quot;,&quot;created_timestamp&quot;:&quot;0&quot;,&quot;copyright&quot;:&quot;&quot;,&quot;focal_length&quot;:&quot;0&quot;,&quot;iso&quot;:&quot;0&quot;,&quot;shutter_speed&quot;:&quot;0&quot;,&quot;title&quot;:&quot;&quot;,&quot;orientation&quot;:&quot;0&quot;}\" data-image-title=\"Dinkel-Joghurt-Brot 1\" data-image-description=\"\" data-image-caption=\"\" data-large-file=\"https:\/\/i0.wp.com\/foodtwins.de\/wp-content\/uploads\/2022\/04\/Dinkel-Joghurt-Brot-1.png?fit=640%2C426&amp;ssl=1\" \/><\/a>\n<h5 class=\"pt-cv-title\"><a href=\"https:\/\/foodtwins.de\/en\/alle-rezepte\/backen\/brot-broetchen\/dinkel-joghurt-brot\/\" class=\"_self\" target=\"_self\" >Dinkel-Joghurt-Brot<\/a><\/h5><\/div><\/div>\n<div class=\"col-md-3 col-sm-6 col-xs-12 pt-cv-content-item pt-cv-1-col\" ><div class='pt-cv-ifield'><a href=\"https:\/\/foodtwins.de\/en\/alle-rezepte\/backen\/brot-broetchen\/protein-pfannenbrot-mit-kaese\/\" class=\"_self pt-cv-href-thumbnail pt-cv-thumb-default\" target=\"_self\" ><img loading=\"lazy\" decoding=\"async\" width=\"300\" height=\"200\" src=\"https:\/\/i0.wp.com\/foodtwins.de\/wp-content\/uploads\/2023\/07\/Protein-Pfannenbrot-mit-Kaese.png?fit=300%2C200&amp;ssl=1\" class=\"pt-cv-thumbnail\" alt=\"Protein Pfannenbrot mit K\u00e4se\" srcset=\"https:\/\/i0.wp.com\/foodtwins.de\/wp-content\/uploads\/2023\/07\/Protein-Pfannenbrot-mit-Kaese.png?w=640&amp;ssl=1 640w, https:\/\/i0.wp.com\/foodtwins.de\/wp-content\/uploads\/2023\/07\/Protein-Pfannenbrot-mit-Kaese.png?resize=300%2C200&amp;ssl=1 300w, https:\/\/i0.wp.com\/foodtwins.de\/wp-content\/uploads\/2023\/07\/Protein-Pfannenbrot-mit-Kaese.png?resize=18%2C12&amp;ssl=1 18w, https:\/\/i0.wp.com\/foodtwins.de\/wp-content\/uploads\/2023\/07\/Protein-Pfannenbrot-mit-Kaese.png?resize=360%2C240&amp;ssl=1 360w, https:\/\/i0.wp.com\/foodtwins.de\/wp-content\/uploads\/2023\/07\/Protein-Pfannenbrot-mit-Kaese.png?resize=600%2C399&amp;ssl=1 600w, https:\/\/i0.wp.com\/foodtwins.de\/wp-content\/uploads\/2023\/07\/Protein-Pfannenbrot-mit-Kaese.png?resize=272%2C182&amp;ssl=1 272w\" sizes=\"auto, (max-width: 300px) 100vw, 300px\" data-attachment-id=\"24067\" data-permalink=\"https:\/\/foodtwins.de\/en\/alle-rezepte\/backen\/ruehrkuchen\/bienenstich-cake-bowl\/attachment\/protein-pfannenbrot-mit-kaese\/\" data-orig-file=\"https:\/\/i0.wp.com\/foodtwins.de\/wp-content\/uploads\/2023\/07\/Protein-Pfannenbrot-mit-Kaese.png?fit=640%2C426&amp;ssl=1\" data-orig-size=\"640,426\" data-comments-opened=\"1\" data-image-meta=\"{&quot;aperture&quot;:&quot;0&quot;,&quot;credit&quot;:&quot;&quot;,&quot;camera&quot;:&quot;&quot;,&quot;caption&quot;:&quot;&quot;,&quot;created_timestamp&quot;:&quot;0&quot;,&quot;copyright&quot;:&quot;&quot;,&quot;focal_length&quot;:&quot;0&quot;,&quot;iso&quot;:&quot;0&quot;,&quot;shutter_speed&quot;:&quot;0&quot;,&quot;title&quot;:&quot;&quot;,&quot;orientation&quot;:&quot;0&quot;}\" data-image-title=\"Protein Pfannenbrot mit K\u00e4se\" data-image-description=\"\" data-image-caption=\"\" data-large-file=\"https:\/\/i0.wp.com\/foodtwins.de\/wp-content\/uploads\/2023\/07\/Protein-Pfannenbrot-mit-Kaese.png?fit=640%2C426&amp;ssl=1\" \/><\/a>\n<h5 class=\"pt-cv-title\"><a href=\"https:\/\/foodtwins.de\/en\/alle-rezepte\/backen\/brot-broetchen\/protein-pfannenbrot-mit-kaese\/\" class=\"_self\" target=\"_self\" >Protein Pfannenbrot mit K\u00e4se<\/a><\/h5><\/div><\/div>\n<div class=\"col-md-3 col-sm-6 col-xs-12 pt-cv-content-item pt-cv-1-col\" ><div class='pt-cv-ifield'><a href=\"https:\/\/foodtwins.de\/en\/alle-rezepte\/backen\/brot-broetchen\/einfaches-weizen-sauerteigbrot\/\" class=\"_self pt-cv-href-thumbnail pt-cv-thumb-default\" target=\"_self\" ><img loading=\"lazy\" decoding=\"async\" width=\"300\" height=\"199\" src=\"https:\/\/i0.wp.com\/foodtwins.de\/wp-content\/uploads\/2024\/01\/Weizen-Sauerteigbrot-1.png?fit=300%2C199&amp;ssl=1\" class=\"pt-cv-thumbnail\" alt=\"Weizen-Sauerteigbrot mit Hefe\" srcset=\"https:\/\/i0.wp.com\/foodtwins.de\/wp-content\/uploads\/2024\/01\/Weizen-Sauerteigbrot-1.png?w=642&amp;ssl=1 642w, https:\/\/i0.wp.com\/foodtwins.de\/wp-content\/uploads\/2024\/01\/Weizen-Sauerteigbrot-1.png?resize=300%2C199&amp;ssl=1 300w, https:\/\/i0.wp.com\/foodtwins.de\/wp-content\/uploads\/2024\/01\/Weizen-Sauerteigbrot-1.png?resize=18%2C12&amp;ssl=1 18w, https:\/\/i0.wp.com\/foodtwins.de\/wp-content\/uploads\/2024\/01\/Weizen-Sauerteigbrot-1.png?resize=360%2C240&amp;ssl=1 360w, https:\/\/i0.wp.com\/foodtwins.de\/wp-content\/uploads\/2024\/01\/Weizen-Sauerteigbrot-1.png?resize=600%2C398&amp;ssl=1 600w\" sizes=\"auto, (max-width: 300px) 100vw, 300px\" data-attachment-id=\"25449\" data-permalink=\"https:\/\/foodtwins.de\/en\/alle-rezepte\/backen\/brot-broetchen\/einfaches-weizen-sauerteigbrot\/attachment\/weizen-sauerteigbrot-1\/\" data-orig-file=\"https:\/\/i0.wp.com\/foodtwins.de\/wp-content\/uploads\/2024\/01\/Weizen-Sauerteigbrot-1.png?fit=642%2C426&amp;ssl=1\" data-orig-size=\"642,426\" data-comments-opened=\"1\" data-image-meta=\"{&quot;aperture&quot;:&quot;0&quot;,&quot;credit&quot;:&quot;&quot;,&quot;camera&quot;:&quot;&quot;,&quot;caption&quot;:&quot;&quot;,&quot;created_timestamp&quot;:&quot;0&quot;,&quot;copyright&quot;:&quot;&quot;,&quot;focal_length&quot;:&quot;0&quot;,&quot;iso&quot;:&quot;0&quot;,&quot;shutter_speed&quot;:&quot;0&quot;,&quot;title&quot;:&quot;&quot;,&quot;orientation&quot;:&quot;0&quot;}\" data-image-title=\"Weizen-Sauerteigbrot 1\" data-image-description=\"\" data-image-caption=\"\" data-large-file=\"https:\/\/i0.wp.com\/foodtwins.de\/wp-content\/uploads\/2024\/01\/Weizen-Sauerteigbrot-1.png?fit=642%2C426&amp;ssl=1\" \/><\/a>\n<h5 class=\"pt-cv-title\"><a href=\"https:\/\/foodtwins.de\/en\/alle-rezepte\/backen\/brot-broetchen\/einfaches-weizen-sauerteigbrot\/\" class=\"_self\" target=\"_self\" >Einfaches Weizen-Sauerteigbrot<\/a><\/h5><\/div><\/div>\n<div class=\"col-md-3 col-sm-6 col-xs-12 pt-cv-content-item pt-cv-1-col\" ><div class='pt-cv-ifield'><a href=\"https:\/\/foodtwins.de\/en\/alle-rezepte\/backen\/brot-broetchen\/einfaches-dinkel-sauerteigbrot\/\" class=\"_self pt-cv-href-thumbnail pt-cv-thumb-default\" target=\"_self\" ><img loading=\"lazy\" decoding=\"async\" width=\"300\" height=\"199\" src=\"https:\/\/i0.wp.com\/foodtwins.de\/wp-content\/uploads\/2024\/01\/Einfaches-Dinkel-Sauerteigbrot.png?fit=300%2C199&amp;ssl=1\" class=\"pt-cv-thumbnail\" alt=\"Einfaches Dinkel-Sauerteigbrot\" srcset=\"https:\/\/i0.wp.com\/foodtwins.de\/wp-content\/uploads\/2024\/01\/Einfaches-Dinkel-Sauerteigbrot.png?w=642&amp;ssl=1 642w, https:\/\/i0.wp.com\/foodtwins.de\/wp-content\/uploads\/2024\/01\/Einfaches-Dinkel-Sauerteigbrot.png?resize=300%2C199&amp;ssl=1 300w, https:\/\/i0.wp.com\/foodtwins.de\/wp-content\/uploads\/2024\/01\/Einfaches-Dinkel-Sauerteigbrot.png?resize=18%2C12&amp;ssl=1 18w, https:\/\/i0.wp.com\/foodtwins.de\/wp-content\/uploads\/2024\/01\/Einfaches-Dinkel-Sauerteigbrot.png?resize=360%2C240&amp;ssl=1 360w, https:\/\/i0.wp.com\/foodtwins.de\/wp-content\/uploads\/2024\/01\/Einfaches-Dinkel-Sauerteigbrot.png?resize=600%2C398&amp;ssl=1 600w\" sizes=\"auto, (max-width: 300px) 100vw, 300px\" data-attachment-id=\"25490\" data-permalink=\"https:\/\/foodtwins.de\/en\/alle-rezepte\/backen\/brot-broetchen\/einfaches-dinkel-sauerteigbrot\/attachment\/einfaches-dinkel-sauerteigbrot-2\/\" data-orig-file=\"https:\/\/i0.wp.com\/foodtwins.de\/wp-content\/uploads\/2024\/01\/Einfaches-Dinkel-Sauerteigbrot.png?fit=642%2C426&amp;ssl=1\" data-orig-size=\"642,426\" data-comments-opened=\"1\" data-image-meta=\"{&quot;aperture&quot;:&quot;0&quot;,&quot;credit&quot;:&quot;&quot;,&quot;camera&quot;:&quot;&quot;,&quot;caption&quot;:&quot;&quot;,&quot;created_timestamp&quot;:&quot;0&quot;,&quot;copyright&quot;:&quot;&quot;,&quot;focal_length&quot;:&quot;0&quot;,&quot;iso&quot;:&quot;0&quot;,&quot;shutter_speed&quot;:&quot;0&quot;,&quot;title&quot;:&quot;&quot;,&quot;orientation&quot;:&quot;0&quot;}\" data-image-title=\"Einfaches Dinkel-Sauerteigbrot\" data-image-description=\"\" data-image-caption=\"\" data-large-file=\"https:\/\/i0.wp.com\/foodtwins.de\/wp-content\/uploads\/2024\/01\/Einfaches-Dinkel-Sauerteigbrot.png?fit=642%2C426&amp;ssl=1\" \/><\/a>\n<h5 class=\"pt-cv-title\"><a href=\"https:\/\/foodtwins.de\/en\/alle-rezepte\/backen\/brot-broetchen\/einfaches-dinkel-sauerteigbrot\/\" class=\"_self\" target=\"_self\" >Einfaches Dinkel-Sauerteigbrot<\/a><\/h5><\/div><\/div>\n<div class=\"col-md-3 col-sm-6 col-xs-12 pt-cv-content-item pt-cv-1-col\" ><div class='pt-cv-ifield'><a href=\"https:\/\/foodtwins.de\/en\/alle-rezepte\/backen\/brot-broetchen\/weizen-sauerteigbrot-ohne-hefe\/\" class=\"_self pt-cv-href-thumbnail pt-cv-thumb-default\" target=\"_self\" ><img loading=\"lazy\" decoding=\"async\" width=\"300\" height=\"199\" src=\"https:\/\/i0.wp.com\/foodtwins.de\/wp-content\/uploads\/2024\/04\/Weizen-Sauerteigbrot-ohne-Hefe-2.png?fit=300%2C199&amp;ssl=1\" class=\"pt-cv-thumbnail\" alt=\"Weizen-Sauerteigbrot ohne Hefe 1\" srcset=\"https:\/\/i0.wp.com\/foodtwins.de\/wp-content\/uploads\/2024\/04\/Weizen-Sauerteigbrot-ohne-Hefe-2.png?w=642&amp;ssl=1 642w, https:\/\/i0.wp.com\/foodtwins.de\/wp-content\/uploads\/2024\/04\/Weizen-Sauerteigbrot-ohne-Hefe-2.png?resize=300%2C199&amp;ssl=1 300w, https:\/\/i0.wp.com\/foodtwins.de\/wp-content\/uploads\/2024\/04\/Weizen-Sauerteigbrot-ohne-Hefe-2.png?resize=18%2C12&amp;ssl=1 18w, https:\/\/i0.wp.com\/foodtwins.de\/wp-content\/uploads\/2024\/04\/Weizen-Sauerteigbrot-ohne-Hefe-2.png?resize=360%2C240&amp;ssl=1 360w, https:\/\/i0.wp.com\/foodtwins.de\/wp-content\/uploads\/2024\/04\/Weizen-Sauerteigbrot-ohne-Hefe-2.png?resize=600%2C398&amp;ssl=1 600w\" sizes=\"auto, (max-width: 300px) 100vw, 300px\" data-attachment-id=\"25559\" data-permalink=\"https:\/\/foodtwins.de\/en\/alle-rezepte\/backen\/brot-broetchen\/weizen-sauerteigbrot-ohne-hefe\/attachment\/weizen-sauerteigbrot-ohne-hefe-2\/\" data-orig-file=\"https:\/\/i0.wp.com\/foodtwins.de\/wp-content\/uploads\/2024\/04\/Weizen-Sauerteigbrot-ohne-Hefe-2.png?fit=642%2C426&amp;ssl=1\" data-orig-size=\"642,426\" data-comments-opened=\"1\" data-image-meta=\"{&quot;aperture&quot;:&quot;0&quot;,&quot;credit&quot;:&quot;&quot;,&quot;camera&quot;:&quot;&quot;,&quot;caption&quot;:&quot;&quot;,&quot;created_timestamp&quot;:&quot;0&quot;,&quot;copyright&quot;:&quot;&quot;,&quot;focal_length&quot;:&quot;0&quot;,&quot;iso&quot;:&quot;0&quot;,&quot;shutter_speed&quot;:&quot;0&quot;,&quot;title&quot;:&quot;&quot;,&quot;orientation&quot;:&quot;0&quot;}\" data-image-title=\"Weizen-Sauerteigbrot ohne Hefe 2\" data-image-description=\"\" data-image-caption=\"\" data-large-file=\"https:\/\/i0.wp.com\/foodtwins.de\/wp-content\/uploads\/2024\/04\/Weizen-Sauerteigbrot-ohne-Hefe-2.png?fit=642%2C426&amp;ssl=1\" \/><\/a>\n<h5 class=\"pt-cv-title\"><a href=\"https:\/\/foodtwins.de\/en\/alle-rezepte\/backen\/brot-broetchen\/weizen-sauerteigbrot-ohne-hefe\/\" class=\"_self\" target=\"_self\" >Weizen-Sauerteigbrot ohne Hefe<\/a><\/h5><\/div><\/div>\n<div class=\"col-md-3 col-sm-6 col-xs-12 pt-cv-content-item pt-cv-1-col\" ><div class='pt-cv-ifield'><a href=\"https:\/\/foodtwins.de\/en\/alle-rezepte\/backen\/brot-broetchen\/luftige-weizenbroetchen\/\" class=\"_self pt-cv-href-thumbnail pt-cv-thumb-default\" target=\"_self\" ><img loading=\"lazy\" decoding=\"async\" width=\"300\" height=\"199\" src=\"https:\/\/i0.wp.com\/foodtwins.de\/wp-content\/uploads\/2023\/10\/Luftige-Weizenbroetchen.png?fit=300%2C199&amp;ssl=1\" class=\"pt-cv-thumbnail\" alt=\"Luftige Weizenbr\u00f6tchen\" srcset=\"https:\/\/i0.wp.com\/foodtwins.de\/wp-content\/uploads\/2023\/10\/Luftige-Weizenbroetchen.png?w=642&amp;ssl=1 642w, https:\/\/i0.wp.com\/foodtwins.de\/wp-content\/uploads\/2023\/10\/Luftige-Weizenbroetchen.png?resize=300%2C199&amp;ssl=1 300w, https:\/\/i0.wp.com\/foodtwins.de\/wp-content\/uploads\/2023\/10\/Luftige-Weizenbroetchen.png?resize=18%2C12&amp;ssl=1 18w, https:\/\/i0.wp.com\/foodtwins.de\/wp-content\/uploads\/2023\/10\/Luftige-Weizenbroetchen.png?resize=360%2C240&amp;ssl=1 360w, https:\/\/i0.wp.com\/foodtwins.de\/wp-content\/uploads\/2023\/10\/Luftige-Weizenbroetchen.png?resize=600%2C398&amp;ssl=1 600w\" sizes=\"auto, (max-width: 300px) 100vw, 300px\" data-attachment-id=\"24218\" data-permalink=\"https:\/\/foodtwins.de\/en\/alle-rezepte\/backen\/brot-broetchen\/luftige-weizenbroetchen\/attachment\/luftige-weizenbroetchen-2\/\" data-orig-file=\"https:\/\/i0.wp.com\/foodtwins.de\/wp-content\/uploads\/2023\/10\/Luftige-Weizenbroetchen.png?fit=642%2C426&amp;ssl=1\" data-orig-size=\"642,426\" data-comments-opened=\"1\" data-image-meta=\"{&quot;aperture&quot;:&quot;0&quot;,&quot;credit&quot;:&quot;&quot;,&quot;camera&quot;:&quot;&quot;,&quot;caption&quot;:&quot;&quot;,&quot;created_timestamp&quot;:&quot;0&quot;,&quot;copyright&quot;:&quot;&quot;,&quot;focal_length&quot;:&quot;0&quot;,&quot;iso&quot;:&quot;0&quot;,&quot;shutter_speed&quot;:&quot;0&quot;,&quot;title&quot;:&quot;&quot;,&quot;orientation&quot;:&quot;0&quot;}\" data-image-title=\"Luftige Weizenbr\u00f6tchen\" data-image-description=\"\" data-image-caption=\"\" data-large-file=\"https:\/\/i0.wp.com\/foodtwins.de\/wp-content\/uploads\/2023\/10\/Luftige-Weizenbroetchen.png?fit=642%2C426&amp;ssl=1\" \/><\/a>\n<h5 class=\"pt-cv-title\"><a href=\"https:\/\/foodtwins.de\/en\/alle-rezepte\/backen\/brot-broetchen\/luftige-weizenbroetchen\/\" class=\"_self\" target=\"_self\" >Luftige Weizenbr\u00f6tchen<\/a><\/h5><\/div><\/div>\n<div class=\"col-md-3 col-sm-6 col-xs-12 pt-cv-content-item pt-cv-1-col\" ><div class='pt-cv-ifield'><a href=\"https:\/\/foodtwins.de\/en\/alle-rezepte\/backen\/brot-broetchen\/dinkel-zwiebel-baguette\/\" class=\"_self pt-cv-href-thumbnail pt-cv-thumb-default\" target=\"_self\" ><img loading=\"lazy\" decoding=\"async\" width=\"300\" height=\"200\" src=\"https:\/\/i0.wp.com\/foodtwins.de\/wp-content\/uploads\/2023\/02\/Dinkel-Zwiebelbaguette-1.png?fit=300%2C200&amp;ssl=1\" class=\"pt-cv-thumbnail\" alt=\"Dinkel-Zwiebel-Baguette\" srcset=\"https:\/\/i0.wp.com\/foodtwins.de\/wp-content\/uploads\/2023\/02\/Dinkel-Zwiebelbaguette-1.png?w=640&amp;ssl=1 640w, https:\/\/i0.wp.com\/foodtwins.de\/wp-content\/uploads\/2023\/02\/Dinkel-Zwiebelbaguette-1.png?resize=300%2C200&amp;ssl=1 300w, https:\/\/i0.wp.com\/foodtwins.de\/wp-content\/uploads\/2023\/02\/Dinkel-Zwiebelbaguette-1.png?resize=18%2C12&amp;ssl=1 18w, https:\/\/i0.wp.com\/foodtwins.de\/wp-content\/uploads\/2023\/02\/Dinkel-Zwiebelbaguette-1.png?resize=360%2C240&amp;ssl=1 360w, https:\/\/i0.wp.com\/foodtwins.de\/wp-content\/uploads\/2023\/02\/Dinkel-Zwiebelbaguette-1.png?resize=600%2C399&amp;ssl=1 600w, https:\/\/i0.wp.com\/foodtwins.de\/wp-content\/uploads\/2023\/02\/Dinkel-Zwiebelbaguette-1.png?resize=272%2C182&amp;ssl=1 272w\" sizes=\"auto, (max-width: 300px) 100vw, 300px\" data-attachment-id=\"22346\" data-permalink=\"https:\/\/foodtwins.de\/en\/alle-rezepte\/backen\/brot-broetchen\/dinkel-zwiebel-baguette\/attachment\/dinkel-zwiebelbaguette-1\/\" data-orig-file=\"https:\/\/i0.wp.com\/foodtwins.de\/wp-content\/uploads\/2023\/02\/Dinkel-Zwiebelbaguette-1.png?fit=640%2C426&amp;ssl=1\" data-orig-size=\"640,426\" data-comments-opened=\"1\" data-image-meta=\"{&quot;aperture&quot;:&quot;0&quot;,&quot;credit&quot;:&quot;&quot;,&quot;camera&quot;:&quot;&quot;,&quot;caption&quot;:&quot;&quot;,&quot;created_timestamp&quot;:&quot;0&quot;,&quot;copyright&quot;:&quot;&quot;,&quot;focal_length&quot;:&quot;0&quot;,&quot;iso&quot;:&quot;0&quot;,&quot;shutter_speed&quot;:&quot;0&quot;,&quot;title&quot;:&quot;&quot;,&quot;orientation&quot;:&quot;0&quot;}\" data-image-title=\"Dinkel-Zwiebelbaguette 1\" data-image-description=\"\" data-image-caption=\"\" data-large-file=\"https:\/\/i0.wp.com\/foodtwins.de\/wp-content\/uploads\/2023\/02\/Dinkel-Zwiebelbaguette-1.png?fit=640%2C426&amp;ssl=1\" \/><\/a>\n<h5 class=\"pt-cv-title\"><a href=\"https:\/\/foodtwins.de\/en\/alle-rezepte\/backen\/brot-broetchen\/dinkel-zwiebel-baguette\/\" class=\"_self\" target=\"_self\" >Dinkel-Zwiebel-Baguette<\/a><\/h5><\/div><\/div>\n<div class=\"col-md-3 col-sm-6 col-xs-12 pt-cv-content-item pt-cv-1-col\" ><div class='pt-cv-ifield'><a href=\"https:\/\/foodtwins.de\/en\/alle-rezepte\/backen\/brot-broetchen\/laugenkonfekt\/\" class=\"_self pt-cv-href-thumbnail pt-cv-thumb-default\" target=\"_self\" ><img loading=\"lazy\" decoding=\"async\" width=\"300\" height=\"200\" src=\"https:\/\/i0.wp.com\/foodtwins.de\/wp-content\/uploads\/2022\/04\/Laugenkonfekt.png?fit=300%2C200&amp;ssl=1\" class=\"pt-cv-thumbnail\" alt=\"Laugenkonfekt\" srcset=\"https:\/\/i0.wp.com\/foodtwins.de\/wp-content\/uploads\/2022\/04\/Laugenkonfekt.png?w=640&amp;ssl=1 640w, https:\/\/i0.wp.com\/foodtwins.de\/wp-content\/uploads\/2022\/04\/Laugenkonfekt.png?resize=300%2C200&amp;ssl=1 300w, https:\/\/i0.wp.com\/foodtwins.de\/wp-content\/uploads\/2022\/04\/Laugenkonfekt.png?resize=18%2C12&amp;ssl=1 18w, https:\/\/i0.wp.com\/foodtwins.de\/wp-content\/uploads\/2022\/04\/Laugenkonfekt.png?resize=360%2C240&amp;ssl=1 360w, https:\/\/i0.wp.com\/foodtwins.de\/wp-content\/uploads\/2022\/04\/Laugenkonfekt.png?resize=600%2C399&amp;ssl=1 600w, https:\/\/i0.wp.com\/foodtwins.de\/wp-content\/uploads\/2022\/04\/Laugenkonfekt.png?resize=272%2C182&amp;ssl=1 272w\" sizes=\"auto, (max-width: 300px) 100vw, 300px\" data-attachment-id=\"19190\" data-permalink=\"https:\/\/foodtwins.de\/en\/alle-rezepte\/backen\/brot-broetchen\/laugenkonfekt\/attachment\/laugenkonfekt-2\/\" data-orig-file=\"https:\/\/i0.wp.com\/foodtwins.de\/wp-content\/uploads\/2022\/04\/Laugenkonfekt.png?fit=640%2C426&amp;ssl=1\" data-orig-size=\"640,426\" data-comments-opened=\"1\" data-image-meta=\"{&quot;aperture&quot;:&quot;0&quot;,&quot;credit&quot;:&quot;&quot;,&quot;camera&quot;:&quot;&quot;,&quot;caption&quot;:&quot;&quot;,&quot;created_timestamp&quot;:&quot;0&quot;,&quot;copyright&quot;:&quot;&quot;,&quot;focal_length&quot;:&quot;0&quot;,&quot;iso&quot;:&quot;0&quot;,&quot;shutter_speed&quot;:&quot;0&quot;,&quot;title&quot;:&quot;&quot;,&quot;orientation&quot;:&quot;0&quot;}\" data-image-title=\"Laugenkonfekt\" data-image-description=\"\" data-image-caption=\"\" data-large-file=\"https:\/\/i0.wp.com\/foodtwins.de\/wp-content\/uploads\/2022\/04\/Laugenkonfekt.png?fit=640%2C426&amp;ssl=1\" \/><\/a>\n<h5 class=\"pt-cv-title\"><a href=\"https:\/\/foodtwins.de\/en\/alle-rezepte\/backen\/brot-broetchen\/laugenkonfekt\/\" class=\"_self\" target=\"_self\" >Laugenkonfekt<\/a><\/h5><\/div><\/div><\/div><\/div><\/div>\n\n\n\n<div style=\"height:50px\" aria-hidden=\"true\" class=\"wp-block-spacer\"><\/div>\n\n\n\n<hr class=\"wp-block-separator is-style-wide\"\/>\n\n\n\n<div style=\"height:50px\" aria-hidden=\"true\" class=\"wp-block-spacer\"><\/div>\n\n\n\n<figure class=\"wp-block-image size-large\"><img data-recalc-dims=\"1\" loading=\"lazy\" decoding=\"async\" width=\"640\" height=\"426\" data-attachment-id=\"8300\" data-permalink=\"https:\/\/foodtwins.de\/en\/alle-rezepte\/salate\/paprika-gurken-salat\/attachment\/salat-rezepte-werbung-rezeptseite\/\" data-orig-file=\"https:\/\/i0.wp.com\/foodtwins.de\/wp-content\/uploads\/2020\/02\/Salat-Rezepte-werbung-Rezeptseite.png?fit=640%2C426&amp;ssl=1\" data-orig-size=\"640,426\" data-comments-opened=\"1\" data-image-meta=\"{&quot;aperture&quot;:&quot;0&quot;,&quot;credit&quot;:&quot;&quot;,&quot;camera&quot;:&quot;&quot;,&quot;caption&quot;:&quot;&quot;,&quot;created_timestamp&quot;:&quot;0&quot;,&quot;copyright&quot;:&quot;&quot;,&quot;focal_length&quot;:&quot;0&quot;,&quot;iso&quot;:&quot;0&quot;,&quot;shutter_speed&quot;:&quot;0&quot;,&quot;title&quot;:&quot;&quot;,&quot;orientation&quot;:&quot;0&quot;}\" data-image-title=\"Erdbeer-TeramisuDinkel-Karotten-Brot\" data-image-description=\"\" data-image-caption=\"\" data-large-file=\"https:\/\/i0.wp.com\/foodtwins.de\/wp-content\/uploads\/2020\/02\/Salat-Rezepte-werbung-Rezeptseite.png?fit=640%2C426&amp;ssl=1\" src=\"https:\/\/i0.wp.com\/foodtwins.de\/wp-content\/uploads\/2020\/02\/Salat-Rezepte-werbung-Rezeptseite.png?resize=640%2C426&#038;ssl=1\" alt=\"Dinkel-Karotten-Brot\" class=\"wp-image-8300\" srcset=\"https:\/\/i0.wp.com\/foodtwins.de\/wp-content\/uploads\/2020\/02\/Salat-Rezepte-werbung-Rezeptseite.png?w=640&amp;ssl=1 640w, https:\/\/i0.wp.com\/foodtwins.de\/wp-content\/uploads\/2020\/02\/Salat-Rezepte-werbung-Rezeptseite.png?resize=300%2C200&amp;ssl=1 300w, https:\/\/i0.wp.com\/foodtwins.de\/wp-content\/uploads\/2020\/02\/Salat-Rezepte-werbung-Rezeptseite.png?resize=360%2C240&amp;ssl=1 360w, https:\/\/i0.wp.com\/foodtwins.de\/wp-content\/uploads\/2020\/02\/Salat-Rezepte-werbung-Rezeptseite.png?resize=272%2C182&amp;ssl=1 272w\" sizes=\"auto, (max-width: 640px) 100vw, 640px\" \/><\/figure>\n\n\n\n<div class=\"wp-block-buttons aligncenter is-layout-flex wp-block-buttons-is-layout-flex\">\n<div class=\"wp-block-button\"><a class=\"wp-block-button__link\">mehr Infos zum Buch<\/a><\/div>\n<\/div>\n\n\n\n<div style=\"height:100px\" aria-hidden=\"true\" class=\"wp-block-spacer\"><\/div>\n\n\n\n<p class=\"wp-block-paragraph\"><\/p>\n","protected":false},"excerpt":{"rendered":"<p>Super knusprige Kefir-Kruste mit Weizen- &#038; Roggen-Vollkornmehl<\/p>","protected":false},"author":1,"featured_media":8728,"comment_status":"open","ping_status":"open","sticky":false,"template":"","format":"standard","meta":{"_crdt_document":"","jetpack_post_was_ever_published":false,"_jetpack_newsletter_access":"","_jetpack_dont_email_post_to_subs":false,"_jetpack_newsletter_tier_id":0,"_jetpack_memberships_contains_paywalled_content":false,"_jetpack_memberships_contains_paid_content":false,"footnotes":"","jetpack_publicize_message":"Super knusprige Kefir-Kruste mit Weizen- & Roggen-Vollkornmehl","jetpack_publicize_feature_enabled":true,"jetpack_social_post_already_shared":true,"jetpack_social_options":{"image_generator_settings":{"template":"highway","default_image_id":0,"font":"","enabled":false},"version":2}},"categories":[106,107,32,186,397,432,447],"tags":[460,458,25,394,442,384],"class_list":["post-8714","post","type-post","status-publish","format-standard","has-post-thumbnail","hentry","category-alle-beitraege","category-alle-rezepte","category-backen","category-brot-broetchen","category-kalorienzaehlen","category-unter-200-kcal","category-vegetarisch","tag-backen","tag-brot","tag-featured","tag-kalorienzaehlen","tag-unter-200-kcal","tag-vegetarisch"],"yoast_head":"<!-- This site is optimized with the Yoast SEO plugin v27.4 - https:\/\/yoast.com\/product\/yoast-seo-wordpress\/ -->\n<title>Kefir-Kruste - Super frisches und knuspriges Brot mit Kefir<\/title>\n<meta name=\"description\" content=\"Kefir-Kruste - Hier findet ihr ein leckere Rezept f\u00fcr super frisches und knuspriges Brot mit Kefir - Kefir-Kruste mit Weizen- &amp; Roggenvollkornmehl\" \/>\n<meta name=\"robots\" content=\"index, follow, max-snippet:-1, max-image-preview:large, max-video-preview:-1\" \/>\n<link rel=\"canonical\" href=\"https:\/\/foodtwins.de\/en\/alle-rezepte\/backen\/brot-broetchen\/kefir-kruste\/\" \/>\n<meta property=\"og:locale\" content=\"en_US\" \/>\n<meta property=\"og:type\" content=\"article\" \/>\n<meta property=\"og:title\" content=\"Kefir-Kruste - Super frisches und knuspriges Brot mit Kefir\" \/>\n<meta property=\"og:description\" content=\"Kefir-Kruste - Hier findet ihr ein leckere Rezept f\u00fcr super frisches und knuspriges Brot mit Kefir - Kefir-Kruste mit Weizen- &amp; Roggenvollkornmehl\" \/>\n<meta property=\"og:url\" content=\"https:\/\/foodtwins.de\/en\/alle-rezepte\/backen\/brot-broetchen\/kefir-kruste\/\" \/>\n<meta property=\"og:site_name\" content=\"FOOD TWINS\" \/>\n<meta property=\"article:published_time\" content=\"2020-04-14T07:53:00+00:00\" \/>\n<meta property=\"article:modified_time\" content=\"2020-04-20T12:50:46+00:00\" \/>\n<meta property=\"og:image\" content=\"https:\/\/i2.wp.com\/foodtwins.de\/wp-content\/uploads\/2020\/04\/Kefir-Kruste-Weizen405-Roggenvollkorn-1.png?fit=640%2C426&ssl=1\" \/>\n\t<meta property=\"og:image:width\" content=\"640\" \/>\n\t<meta property=\"og:image:height\" content=\"426\" \/>\n\t<meta property=\"og:image:type\" content=\"image\/png\" \/>\n<meta name=\"author\" content=\"Tini\" \/>\n<meta name=\"twitter:card\" content=\"summary_large_image\" \/>\n<meta name=\"twitter:label1\" content=\"Written by\" \/>\n\t<meta name=\"twitter:data1\" content=\"Tini\" \/>\n\t<meta name=\"twitter:label2\" content=\"Est. reading time\" \/>\n\t<meta name=\"twitter:data2\" content=\"2 minutes\" \/>\n<script type=\"application\/ld+json\" class=\"yoast-schema-graph\">{\"@context\":\"https:\\\/\\\/schema.org\",\"@graph\":[{\"@type\":\"Article\",\"@id\":\"https:\\\/\\\/foodtwins.de\\\/en\\\/alle-rezepte\\\/backen\\\/brot-broetchen\\\/kefir-kruste\\\/#article\",\"isPartOf\":{\"@id\":\"https:\\\/\\\/foodtwins.de\\\/en\\\/alle-rezepte\\\/backen\\\/brot-broetchen\\\/kefir-kruste\\\/\"},\"author\":{\"name\":\"Tini\",\"@id\":\"https:\\\/\\\/foodtwins.de\\\/#\\\/schema\\\/person\\\/30c280504dd95a0d0cb02b77ee82d457\"},\"headline\":\"Kefir-Kruste\",\"datePublished\":\"2020-04-14T07:53:00+00:00\",\"dateModified\":\"2020-04-20T12:50:46+00:00\",\"mainEntityOfPage\":{\"@id\":\"https:\\\/\\\/foodtwins.de\\\/en\\\/alle-rezepte\\\/backen\\\/brot-broetchen\\\/kefir-kruste\\\/\"},\"wordCount\":337,\"commentCount\":0,\"image\":{\"@id\":\"https:\\\/\\\/foodtwins.de\\\/en\\\/alle-rezepte\\\/backen\\\/brot-broetchen\\\/kefir-kruste\\\/#primaryimage\"},\"thumbnailUrl\":\"https:\\\/\\\/i0.wp.com\\\/foodtwins.de\\\/wp-content\\\/uploads\\\/2020\\\/04\\\/Kefir-Kruste-Weizen405-Roggenvollkorn-1.png?fit=640%2C426&ssl=1\",\"keywords\":[\"Backen\",\"Brot\",\"featured\",\"Kalorienz\u00e4hlen\",\"unter 200 kcal\",\"Vegetarisch\"],\"articleSection\":[\"Alle Beitr\u00e4ge\",\"Alle Rezepte\",\"Backen\",\"Brot &amp; Br\u00f6tchen\",\"Kalorienz\u00e4hlen\",\"unter 200 kcal\",\"Vegetarisch\"],\"inLanguage\":\"en-US\",\"potentialAction\":[{\"@type\":\"CommentAction\",\"name\":\"Comment\",\"target\":[\"https:\\\/\\\/foodtwins.de\\\/en\\\/alle-rezepte\\\/backen\\\/brot-broetchen\\\/kefir-kruste\\\/#respond\"]}]},{\"@type\":\"WebPage\",\"@id\":\"https:\\\/\\\/foodtwins.de\\\/en\\\/alle-rezepte\\\/backen\\\/brot-broetchen\\\/kefir-kruste\\\/\",\"url\":\"https:\\\/\\\/foodtwins.de\\\/en\\\/alle-rezepte\\\/backen\\\/brot-broetchen\\\/kefir-kruste\\\/\",\"name\":\"Kefir-Kruste - Super frisches und knuspriges Brot mit Kefir\",\"isPartOf\":{\"@id\":\"https:\\\/\\\/foodtwins.de\\\/#website\"},\"primaryImageOfPage\":{\"@id\":\"https:\\\/\\\/foodtwins.de\\\/en\\\/alle-rezepte\\\/backen\\\/brot-broetchen\\\/kefir-kruste\\\/#primaryimage\"},\"image\":{\"@id\":\"https:\\\/\\\/foodtwins.de\\\/en\\\/alle-rezepte\\\/backen\\\/brot-broetchen\\\/kefir-kruste\\\/#primaryimage\"},\"thumbnailUrl\":\"https:\\\/\\\/i0.wp.com\\\/foodtwins.de\\\/wp-content\\\/uploads\\\/2020\\\/04\\\/Kefir-Kruste-Weizen405-Roggenvollkorn-1.png?fit=640%2C426&ssl=1\",\"datePublished\":\"2020-04-14T07:53:00+00:00\",\"dateModified\":\"2020-04-20T12:50:46+00:00\",\"author\":{\"@id\":\"https:\\\/\\\/foodtwins.de\\\/#\\\/schema\\\/person\\\/30c280504dd95a0d0cb02b77ee82d457\"},\"description\":\"Kefir-Kruste - Hier findet ihr ein leckere Rezept f\u00fcr super frisches und knuspriges Brot mit Kefir - Kefir-Kruste mit Weizen- & Roggenvollkornmehl\",\"breadcrumb\":{\"@id\":\"https:\\\/\\\/foodtwins.de\\\/en\\\/alle-rezepte\\\/backen\\\/brot-broetchen\\\/kefir-kruste\\\/#breadcrumb\"},\"inLanguage\":\"en-US\",\"potentialAction\":[{\"@type\":\"ReadAction\",\"target\":[\"https:\\\/\\\/foodtwins.de\\\/en\\\/alle-rezepte\\\/backen\\\/brot-broetchen\\\/kefir-kruste\\\/\"]}]},{\"@type\":\"ImageObject\",\"inLanguage\":\"en-US\",\"@id\":\"https:\\\/\\\/foodtwins.de\\\/en\\\/alle-rezepte\\\/backen\\\/brot-broetchen\\\/kefir-kruste\\\/#primaryimage\",\"url\":\"https:\\\/\\\/i0.wp.com\\\/foodtwins.de\\\/wp-content\\\/uploads\\\/2020\\\/04\\\/Kefir-Kruste-Weizen405-Roggenvollkorn-1.png?fit=640%2C426&ssl=1\",\"contentUrl\":\"https:\\\/\\\/i0.wp.com\\\/foodtwins.de\\\/wp-content\\\/uploads\\\/2020\\\/04\\\/Kefir-Kruste-Weizen405-Roggenvollkorn-1.png?fit=640%2C426&ssl=1\",\"width\":640,\"height\":426,\"caption\":\"Kefir-Kruste\"},{\"@type\":\"BreadcrumbList\",\"@id\":\"https:\\\/\\\/foodtwins.de\\\/en\\\/alle-rezepte\\\/backen\\\/brot-broetchen\\\/kefir-kruste\\\/#breadcrumb\",\"itemListElement\":[{\"@type\":\"ListItem\",\"position\":1,\"name\":\"Startseite\",\"item\":\"https:\\\/\\\/foodtwins.de\\\/\"},{\"@type\":\"ListItem\",\"position\":2,\"name\":\"Kefir-Kruste\"}]},{\"@type\":\"WebSite\",\"@id\":\"https:\\\/\\\/foodtwins.de\\\/#website\",\"url\":\"https:\\\/\\\/foodtwins.de\\\/\",\"name\":\"FOOD TWINS\",\"description\":\"Gute K\u00fcche | Backen | Ern\u00e4hrungstrends | Kochb\u00fccher\",\"potentialAction\":[{\"@type\":\"SearchAction\",\"target\":{\"@type\":\"EntryPoint\",\"urlTemplate\":\"https:\\\/\\\/foodtwins.de\\\/?s={search_term_string}\"},\"query-input\":{\"@type\":\"PropertyValueSpecification\",\"valueRequired\":true,\"valueName\":\"search_term_string\"}}],\"inLanguage\":\"en-US\"},{\"@type\":\"Person\",\"@id\":\"https:\\\/\\\/foodtwins.de\\\/#\\\/schema\\\/person\\\/30c280504dd95a0d0cb02b77ee82d457\",\"name\":\"Tini\",\"image\":{\"@type\":\"ImageObject\",\"inLanguage\":\"en-US\",\"@id\":\"https:\\\/\\\/secure.gravatar.com\\\/avatar\\\/32904abb0552dc65f7e2fec419cd3f58a779c9bab27262fd42a2d77c4f2d73fc?s=96&d=mm&r=g\",\"url\":\"https:\\\/\\\/secure.gravatar.com\\\/avatar\\\/32904abb0552dc65f7e2fec419cd3f58a779c9bab27262fd42a2d77c4f2d73fc?s=96&d=mm&r=g\",\"contentUrl\":\"https:\\\/\\\/secure.gravatar.com\\\/avatar\\\/32904abb0552dc65f7e2fec419cd3f58a779c9bab27262fd42a2d77c4f2d73fc?s=96&d=mm&r=g\",\"caption\":\"Tini\"},\"url\":\"https:\\\/\\\/foodtwins.de\\\/en\\\/author\\\/nati\\\/\"}]}<\/script>\n<!-- \/ Yoast SEO plugin. -->","yoast_head_json":{"title":"Kefir-Kruste - Super frisches und knuspriges Brot mit Kefir","description":"Kefir-Kruste - Hier findet ihr ein leckere Rezept f\u00fcr super frisches und knuspriges Brot mit Kefir - Kefir-Kruste mit Weizen- & Roggenvollkornmehl","robots":{"index":"index","follow":"follow","max-snippet":"max-snippet:-1","max-image-preview":"max-image-preview:large","max-video-preview":"max-video-preview:-1"},"canonical":"https:\/\/foodtwins.de\/en\/alle-rezepte\/backen\/brot-broetchen\/kefir-kruste\/","og_locale":"en_US","og_type":"article","og_title":"Kefir-Kruste - Super frisches und knuspriges Brot mit Kefir","og_description":"Kefir-Kruste - Hier findet ihr ein leckere Rezept f\u00fcr super frisches und knuspriges Brot mit Kefir - Kefir-Kruste mit Weizen- & Roggenvollkornmehl","og_url":"https:\/\/foodtwins.de\/en\/alle-rezepte\/backen\/brot-broetchen\/kefir-kruste\/","og_site_name":"FOOD TWINS","article_published_time":"2020-04-14T07:53:00+00:00","article_modified_time":"2020-04-20T12:50:46+00:00","og_image":[{"width":640,"height":426,"url":"https:\/\/i2.wp.com\/foodtwins.de\/wp-content\/uploads\/2020\/04\/Kefir-Kruste-Weizen405-Roggenvollkorn-1.png?fit=640%2C426&ssl=1","type":"image\/png"}],"author":"Tini","twitter_card":"summary_large_image","twitter_misc":{"Written by":"Tini","Est. reading time":"2 minutes"},"schema":{"@context":"https:\/\/schema.org","@graph":[{"@type":"Article","@id":"https:\/\/foodtwins.de\/en\/alle-rezepte\/backen\/brot-broetchen\/kefir-kruste\/#article","isPartOf":{"@id":"https:\/\/foodtwins.de\/en\/alle-rezepte\/backen\/brot-broetchen\/kefir-kruste\/"},"author":{"name":"Tini","@id":"https:\/\/foodtwins.de\/#\/schema\/person\/30c280504dd95a0d0cb02b77ee82d457"},"headline":"Kefir-Kruste","datePublished":"2020-04-14T07:53:00+00:00","dateModified":"2020-04-20T12:50:46+00:00","mainEntityOfPage":{"@id":"https:\/\/foodtwins.de\/en\/alle-rezepte\/backen\/brot-broetchen\/kefir-kruste\/"},"wordCount":337,"commentCount":0,"image":{"@id":"https:\/\/foodtwins.de\/en\/alle-rezepte\/backen\/brot-broetchen\/kefir-kruste\/#primaryimage"},"thumbnailUrl":"https:\/\/i0.wp.com\/foodtwins.de\/wp-content\/uploads\/2020\/04\/Kefir-Kruste-Weizen405-Roggenvollkorn-1.png?fit=640%2C426&ssl=1","keywords":["Backen","Brot","featured","Kalorienz\u00e4hlen","unter 200 kcal","Vegetarisch"],"articleSection":["Alle Beitr\u00e4ge","Alle Rezepte","Backen","Brot &amp; Br\u00f6tchen","Kalorienz\u00e4hlen","unter 200 kcal","Vegetarisch"],"inLanguage":"en-US","potentialAction":[{"@type":"CommentAction","name":"Comment","target":["https:\/\/foodtwins.de\/en\/alle-rezepte\/backen\/brot-broetchen\/kefir-kruste\/#respond"]}]},{"@type":"WebPage","@id":"https:\/\/foodtwins.de\/en\/alle-rezepte\/backen\/brot-broetchen\/kefir-kruste\/","url":"https:\/\/foodtwins.de\/en\/alle-rezepte\/backen\/brot-broetchen\/kefir-kruste\/","name":"Kefir-Kruste - Super frisches und knuspriges Brot mit Kefir","isPartOf":{"@id":"https:\/\/foodtwins.de\/#website"},"primaryImageOfPage":{"@id":"https:\/\/foodtwins.de\/en\/alle-rezepte\/backen\/brot-broetchen\/kefir-kruste\/#primaryimage"},"image":{"@id":"https:\/\/foodtwins.de\/en\/alle-rezepte\/backen\/brot-broetchen\/kefir-kruste\/#primaryimage"},"thumbnailUrl":"https:\/\/i0.wp.com\/foodtwins.de\/wp-content\/uploads\/2020\/04\/Kefir-Kruste-Weizen405-Roggenvollkorn-1.png?fit=640%2C426&ssl=1","datePublished":"2020-04-14T07:53:00+00:00","dateModified":"2020-04-20T12:50:46+00:00","author":{"@id":"https:\/\/foodtwins.de\/#\/schema\/person\/30c280504dd95a0d0cb02b77ee82d457"},"description":"Kefir-Kruste - Hier findet ihr ein leckere Rezept f\u00fcr super frisches und knuspriges Brot mit Kefir - Kefir-Kruste mit Weizen- & Roggenvollkornmehl","breadcrumb":{"@id":"https:\/\/foodtwins.de\/en\/alle-rezepte\/backen\/brot-broetchen\/kefir-kruste\/#breadcrumb"},"inLanguage":"en-US","potentialAction":[{"@type":"ReadAction","target":["https:\/\/foodtwins.de\/en\/alle-rezepte\/backen\/brot-broetchen\/kefir-kruste\/"]}]},{"@type":"ImageObject","inLanguage":"en-US","@id":"https:\/\/foodtwins.de\/en\/alle-rezepte\/backen\/brot-broetchen\/kefir-kruste\/#primaryimage","url":"https:\/\/i0.wp.com\/foodtwins.de\/wp-content\/uploads\/2020\/04\/Kefir-Kruste-Weizen405-Roggenvollkorn-1.png?fit=640%2C426&ssl=1","contentUrl":"https:\/\/i0.wp.com\/foodtwins.de\/wp-content\/uploads\/2020\/04\/Kefir-Kruste-Weizen405-Roggenvollkorn-1.png?fit=640%2C426&ssl=1","width":640,"height":426,"caption":"Kefir-Kruste"},{"@type":"BreadcrumbList","@id":"https:\/\/foodtwins.de\/en\/alle-rezepte\/backen\/brot-broetchen\/kefir-kruste\/#breadcrumb","itemListElement":[{"@type":"ListItem","position":1,"name":"Startseite","item":"https:\/\/foodtwins.de\/"},{"@type":"ListItem","position":2,"name":"Kefir-Kruste"}]},{"@type":"WebSite","@id":"https:\/\/foodtwins.de\/#website","url":"https:\/\/foodtwins.de\/","name":"FOOD TWINS","description":"Gute K\u00fcche | Backen | Ern\u00e4hrungstrends | Kochb\u00fccher","potentialAction":[{"@type":"SearchAction","target":{"@type":"EntryPoint","urlTemplate":"https:\/\/foodtwins.de\/?s={search_term_string}"},"query-input":{"@type":"PropertyValueSpecification","valueRequired":true,"valueName":"search_term_string"}}],"inLanguage":"en-US"},{"@type":"Person","@id":"https:\/\/foodtwins.de\/#\/schema\/person\/30c280504dd95a0d0cb02b77ee82d457","name":"Tini","image":{"@type":"ImageObject","inLanguage":"en-US","@id":"https:\/\/secure.gravatar.com\/avatar\/32904abb0552dc65f7e2fec419cd3f58a779c9bab27262fd42a2d77c4f2d73fc?s=96&d=mm&r=g","url":"https:\/\/secure.gravatar.com\/avatar\/32904abb0552dc65f7e2fec419cd3f58a779c9bab27262fd42a2d77c4f2d73fc?s=96&d=mm&r=g","contentUrl":"https:\/\/secure.gravatar.com\/avatar\/32904abb0552dc65f7e2fec419cd3f58a779c9bab27262fd42a2d77c4f2d73fc?s=96&d=mm&r=g","caption":"Tini"},"url":"https:\/\/foodtwins.de\/en\/author\/nati\/"}]}},"jetpack_publicize_connections":[],"jetpack_featured_media_url":"https:\/\/i0.wp.com\/foodtwins.de\/wp-content\/uploads\/2020\/04\/Kefir-Kruste-Weizen405-Roggenvollkorn-1.png?fit=640%2C426&ssl=1","jetpack_sharing_enabled":true,"jetpack_shortlink":"https:\/\/wp.me\/patkKK-2gy","jetpack-related-posts":[],"jetpack_likes_enabled":true,"_links":{"self":[{"href":"https:\/\/foodtwins.de\/en\/wp-json\/wp\/v2\/posts\/8714","targetHints":{"allow":["GET"]}}],"collection":[{"href":"https:\/\/foodtwins.de\/en\/wp-json\/wp\/v2\/posts"}],"about":[{"href":"https:\/\/foodtwins.de\/en\/wp-json\/wp\/v2\/types\/post"}],"author":[{"embeddable":true,"href":"https:\/\/foodtwins.de\/en\/wp-json\/wp\/v2\/users\/1"}],"replies":[{"embeddable":true,"href":"https:\/\/foodtwins.de\/en\/wp-json\/wp\/v2\/comments?post=8714"}],"version-history":[{"count":0,"href":"https:\/\/foodtwins.de\/en\/wp-json\/wp\/v2\/posts\/8714\/revisions"}],"wp:featuredmedia":[{"embeddable":true,"href":"https:\/\/foodtwins.de\/en\/wp-json\/wp\/v2\/media\/8728"}],"wp:attachment":[{"href":"https:\/\/foodtwins.de\/en\/wp-json\/wp\/v2\/media?parent=8714"}],"wp:term":[{"taxonomy":"category","embeddable":true,"href":"https:\/\/foodtwins.de\/en\/wp-json\/wp\/v2\/categories?post=8714"},{"taxonomy":"post_tag","embeddable":true,"href":"https:\/\/foodtwins.de\/en\/wp-json\/wp\/v2\/tags?post=8714"}],"curies":[{"name":"wp","href":"https:\/\/api.w.org\/{rel}","templated":true}]}}